{"id":6821,"date":"2013-11-05T15:46:56","date_gmt":"2013-11-05T14:46:56","guid":{"rendered":"https:\/\/editorialconcreta.org\/?p=6821"},"modified":"2024-04-23T15:43:40","modified_gmt":"2024-04-23T13:43:40","slug":"foreword-concreta-02-experiences-of-time-traces-and-faces-enric-mira","status":"publish","type":"post","link":"https:\/\/editorialconcreta.org\/en\/concreta-journal\/concreta-02\/foreword-concreta-02-experiences-of-time-traces-and-faces-enric-mira\/","title":{"rendered":"<span class=\"seccion\">FOREWORD <\/span><br>Concreta 02, Experiences of time: traces and faces<span class=\"autor\">, Enric Mira<\/span>"},"content":{"rendered":"<div class=\"cnvs-block-contributors cnvs-block-contributors-1707053260273\" >\t\t<div class=\"widget-body\">\n\t\t\t\t\t\t\t<div class=\"pk-widget-contributors\">\n\t\t\t\t\t\t\t\t\t\t\t\t<div class=\"pk-author-item\">\n\t\t\t\t\t\t\t\t\t\t\t\t\t\t\t\t\t<div class=\"pk-author-avatar\">\n\t\t\t\t\t\t\t\t\t\t<a href=\"https:\/\/editorialconcreta.org\/en\/author\/enric-mira\/\" rel=\"author\">\n\t\t\t\t\t\t\t\t\t\t\t<img alt='' src='https:\/\/editorialconcreta.org\/wp-content\/uploads\/2024\/03\/avatar-author_E.jpg' srcset='https:\/\/editorialconcreta.org\/wp-content\/uploads\/2024\/03\/avatar-author_E.jpg 2x' class='avatar avatar-80 photo avatar-default' height='80' width='80' \/>\t\t\t\t\t\t\t\t\t\t<\/a>\n\t\t\t\t\t\t\t\t\t<\/div>\n\t\t\t\t\t\t\t\t\t\t\t\t\t\t\t\t<div class=\"pk-author-data\">\n\t\t\t\t\t\t\t\t\t\n\t\t\t\t\t\t\t\t\t<h6 class=\"author-name\">\n\t\t\t\t\t\t\t\t\t\t<a href=\"https:\/\/editorialconcreta.org\/en\/author\/enric-mira\/\" rel=\"author\">\n\t\t\t\t\t\t\t\t\t\t\tEnric Mira\t\t\t\t\t\t\t\t\t\t<\/a>\n\t\t\t\t\t\t\t\t\t<\/h6>\n\n\t\t\t\t\t\t\t\t\t\t\t\t\t\t\t\t\t\t\t<div class=\"author-description pk-color-secondary\">\n\t\t\t\t\t\t\t\t\t\t\t(Castalla, 1960). Doctor en Filosof\u00eda y CC. de la Educaci\u00f3n por la&hellip;\t\t\t\t\t\t\t\t\t\t<\/div>\n\t\t\t\t\t\t\t\t\t\n\t\t\t\t\t\t\t\t\t\n\t\t\t\t\t\t\t\t\t\t\t\t\t\t\t\t\t<\/div>\n\t\t\t\t\t\t\t<\/div>\n\t\t\t\t\t\t\t\t\t\t<\/div>\n\t\t\t\t\t\t<\/div>\n\t<\/div>\n<h2 class=\"wp-block-heading\">FOREWORD<\/h2>\n\n<p class=\"has-drop-cap cnvs-block-core-paragraph-1653054606811\">En un conocido escrito de 1967 sobre el <em>minimal art<\/em>, el cr\u00edtico norteamericano Michael Fried lamentaba la inadecuada intromisi\u00f3n del tiempo mundano en la estructura formal de las artes visuales y su degenerado efecto teatral. Atinaba hacia otro objetivo. Si algo importa en las producciones que han incorporado el tiempo como condici\u00f3n de posibilidad art\u00edstica no es el hecho de poner en juego otra formalizaci\u00f3n, sino m\u00e1s bien otra actuaci\u00f3n del arte. No se trata de c\u00f3mo hacer arte sino de qu\u00e9 hacer a trav\u00e9s del arte. Si hay un sentido para lo temporal en el arte, este estar\u00eda en su disposici\u00f3n performativa: en su capacidad de convertirse en acciones y transformar la realidad.<\/p>\n\n<p>El presente n\u00famero de <em>Concreta<\/em> arranca con sendos textos de Liz Kotz y Lola Hinojosa Mart\u00ednez sobre dos mujeres artistas cuya obra, en general poco conocida, ha estado vinculada a las pr\u00e1cticas performativas del arte conceptual. Una, la americana Bernadette Mayer, figura clave en el surgimiento de la <em>performance<\/em> interdisciplinar en el panorama art\u00edstico del Nueva York de finales de los sesenta. La otra, la espa\u00f1ola Paz Muro, personaje comprometido con el arte de acci\u00f3n y el <em>happening<\/em> que emerge en nuestro pa\u00eds con el final del franquismo. Si Bernadette Mayer fue una joven poetisa metida a artista visual que combinaba las potencialidades narrativas de la fotograf\u00eda, el texto y el audio, Paz Muro fue una artista embozada con las maneras de la teatralidad. Cada una afrontaba su propio proyecto de construcci\u00f3n de la subjetividad ya fuese a trav\u00e9s de la dispersi\u00f3n del propio yo, en la multiplicidad de tomas fotogr\u00e1ficas o jugando con la escenificaci\u00f3n y la m\u00e1scara como estrategias de la identidad. Entre ambas artistas, Maria Muhle nos plantea un encuentro entre el retrato de la sociedad alemana de los a\u00f1os veinte que realiz\u00f3 August Sander y el trabajo desarrollado por Hans-Peter Feldmann a partir de las fotograf\u00edas de los terroristas de la banda Baader-Meinhof y de sus v\u00edctimas en el sangriento oto\u00f1o de 1977. Provocadora contraposici\u00f3n entre una mirada ut\u00f3pica, que busc\u00f3 alumbrar a trav\u00e9s de la fotograf\u00eda una verdad hist\u00f3rica cifrada en los rostros y las poses de los sujetos retratados, y otra embargada por el escepticismo posmoderno, que nos enfrenta a la complejidad de desentra\u00f1ar de qu\u00e9 lado estamos como sujetos de la historia.<\/p>\n\n<p>Enlazando con esta perspectiva sobre las sociedades y los embates de la historia, el artista Oier Etxeberr\u00eda muestra en la secci\u00f3n C\u00famulo un conjunto de <em>collages<\/em> surgidos del conocimiento hist\u00f3rico de la resistencia de la sociedad tradicional vasca a la iniciativa ilustrada de introducir el sistema m\u00e9trico decimal como valor abstracto y universal. En Intercambio Ricardo Basbaum expone la necesidad de desarrollar las herramientas para una pr\u00e1ctica colectiva y participativa del arte, combinando la experiencia vivencial con la posibilidad de producci\u00f3n de discurso. Y Teresa Lanceta habla sobre el sentido del tejer como un acto de arte y memoria colectivos. En esta ocasi\u00f3n, la traducci\u00f3n de textos sobre arte in\u00e9ditos en castellano nos brinda un art\u00edculo de Thierry de Duve publicado por primera vez en 1975. El posado \u2014o el retrato\u2014 y la instant\u00e1nea \u2014o el reportaje\u2014 constituyen las dos formas elementales de la fotograf\u00eda que no expresan una simple oposici\u00f3n de t\u00e9rminos en relaci\u00f3n con el espacio y el tiempo, la vida y la muerte o el signo y su referente, sino que son m\u00e1s bien como dos estructuras rec\u00edprocas que se despliegan y elucidan mutuamente en una suerte de sentidos inversos.<\/p>\n\n<p>En la secci\u00f3n Carpeta se han incluido dos j\u00f3venes artistas que han hecho de la fotograf\u00eda instrumento de exploraci\u00f3n del entorno desde posicionamientos cr\u00edticos muy definidos. Las im\u00e1genes de Yto Barrada sobre T\u00e1nger nos muestran la diversidad humana de una ciudad en espera por el conflicto entre un pasado que no termina de desaparecer, y un futuro que no le pertenece. Mientras que Vicente Tirado presenta una serie de marinas fotogr\u00e1ficas invertidas \u2014vistas tomadas desde el mar\u2014 de la cultura del ladrillo que asola las costas mediterr\u00e1neas con una fisonom\u00eda urbana delirante, rayana con lo surreal. Arquitectura y fotograf\u00eda, componentes b\u00e1sicos de las intervenciones de Gordon Matta-Clark, son revisados por V\u00edctor del R\u00edo a partir de la asimilaci\u00f3n de los incisos materiales en los edificios a los trazos de un dibujo, conjugados ambos como instrumentos de una acci\u00f3n deconstructiva de la arquitectura y sus estratos que finalmente se destila a trav\u00e9s del registro fotogr\u00e1fico. En un argumento paralelo, el artista multimedia Mois\u00e9s Ma\u00f1as busca, como explica Lorena Mu\u00f1oz-Alonso, materializar en movimientos f\u00edsicos tangibles los rastros de actos comunicativos que fluyen por internet cifrados en c\u00f3digos inmateriales.<\/p>\n\n<p>Como cierre de la edici\u00f3n, y en cierta manera completando el c\u00edrculo con los textos de apertura, se ofrecen dos contribuciones que vienen a nutrir la voluntad de la revista <em>Concreta<\/em> de repensar muchos de los convencionalismos que alimentan el discurso institucionalizado sobre el arte contempor\u00e1neo. En este sentido, Mela D\u00e1vila reflexiona con rigor sobre la posibilidad de reproducir exposiciones de referencia del arte contempor\u00e1neo, concluyendo sin paliativos que estos intentos de reconstrucci\u00f3n arqueol\u00f3gica est\u00e1n condenados al fracaso, precisamente por la imposibilidad de precipitar de forma extempor\u00e1nea los componentes intangibles que animaron al evento original. Y, por \u00faltimo, Nata\u0161a Petre\u0161in-Bachelez da un repaso a los desvirtuados programas de movilidad internacional dirigidos a artistas y comisarios, para apelar a una investigaci\u00f3n art\u00edstica verdaderamente comprometida con el contexto y situada dentro de procesos, siempre arriesgados, de acci\u00f3n y reacci\u00f3n.<\/p>\n\n<div style=\"height:50px\" aria-hidden=\"true\" class=\"wp-block-spacer\"><\/div>\n","protected":false},"excerpt":{"rendered":"Concreta 02 (Autumn, 2013) examines the notions of the trace and the face, as well as the experiences of time and the performative disposition of art to go beyond the mere production of objects and instead engage with actions. It is not so much a question of doing art as what to do with art. This issue of the magazine features essays and articles by Liz Kotz, Lola Hinojosa, Maria Muhle, Teresa Lanceta, Ricardo Basbaum, Thierry de Duve, Lorena Mu\u00f1oz-Alonso, V\u00edctor del R\u00edo, Mela D\u00e1vila, Nata\u0161a Petre\u0161in-Bachelez and Enric Mira; as well as projects by Yto Barrada, Vicente Tirado, Oier Etxeberr\u00eda and Hans-Peter Feldmann.\n","protected":false},"author":76,"featured_media":6594,"comment_status":"closed","ping_status":"closed","sticky":false,"template":"","format":"standard","meta":{"csco_singular_sidebar":"","csco_page_header_type":"","csco_custom_appearance":"","csco_disable_excerpt_posts_layout":false,"csco_page_load_nextpost":"","csco_post_video_location":[],"csco_post_video_location_hash":"","csco_post_video_url":"","csco_post_video_bg_start_time":0,"csco_post_video_bg_end_time":0,"footnotes":""},"categories":[227,141],"tags":[142],"ppma_author":[198],"class_list":{"0":"post-6821","1":"post","2":"type-post","3":"status-publish","4":"format-standard","5":"has-post-thumbnail","7":"category-concreta-02-en","8":"category-concreta-journal","9":"tag-editorial-en","10":"cs-entry","11":"cs-video-wrap"},"authors":[{"term_id":198,"user_id":76,"is_guest":0,"slug":"enric-mira","display_name":"Enric Mira","avatar_url":{"url":"https:\/\/editorialconcreta.org\/wp-content\/uploads\/2024\/03\/avatar-author_E.jpg","url2x":"https:\/\/editorialconcreta.org\/wp-content\/uploads\/2024\/03\/avatar-author_E.jpg"},"0":null,"1":"","2":"","3":"","4":"","5":"","6":"","7":"","8":""}],"_links":{"self":[{"href":"https:\/\/editorialconcreta.org\/en\/wp-json\/wp\/v2\/posts\/6821","targetHints":{"allow":["GET"]}}],"collection":[{"href":"https:\/\/editorialconcreta.org\/en\/wp-json\/wp\/v2\/posts"}],"about":[{"href":"https:\/\/editorialconcreta.org\/en\/wp-json\/wp\/v2\/types\/post"}],"author":[{"embeddable":true,"href":"https:\/\/editorialconcreta.org\/en\/wp-json\/wp\/v2\/users\/76"}],"replies":[{"embeddable":true,"href":"https:\/\/editorialconcreta.org\/en\/wp-json\/wp\/v2\/comments?post=6821"}],"version-history":[{"count":0,"href":"https:\/\/editorialconcreta.org\/en\/wp-json\/wp\/v2\/posts\/6821\/revisions"}],"wp:featuredmedia":[{"embeddable":true,"href":"https:\/\/editorialconcreta.org\/en\/wp-json\/wp\/v2\/media\/6594"}],"wp:attachment":[{"href":"https:\/\/editorialconcreta.org\/en\/wp-json\/wp\/v2\/media?parent=6821"}],"wp:term":[{"taxonomy":"category","embeddable":true,"href":"https:\/\/editorialconcreta.org\/en\/wp-json\/wp\/v2\/categories?post=6821"},{"taxonomy":"post_tag","embeddable":true,"href":"https:\/\/editorialconcreta.org\/en\/wp-json\/wp\/v2\/tags?post=6821"},{"taxonomy":"author","embeddable":true,"href":"https:\/\/editorialconcreta.org\/en\/wp-json\/wp\/v2\/ppma_author?post=6821"}],"curies":[{"name":"wp","href":"https:\/\/api.w.org\/{rel}","templated":true}]}}