{"id":448,"name":"Iris Dressler","url":"","description":"(Neuss 1966). Estudi\u00f3 historia del arte, filosof\u00eda y literatura en Marburg y Bochum. En 1996 fund\u00f3 Hartware MedienKunstVerein (HMKV) junto a Hans D. Christ donde ejerci\u00f3 de directora hasta 2004. De 2002 a 2004 fue comisaria en el Museum am Ostwall. En 2003 inici\u00f3 el proyecto404 Object Not Found. Was bleibt von der Medienkunst?. Desde 2005 codirige el Wuerttembergischer Kunstverein en Stuttgart junto a Hans D. Christ. Entre sus exposiciones m\u00e1s recientes destacan <em>La bestia y el soberano<\/em> (2015), <em>Subversive Praktiken<\/em> (2009), <\/em>Postcapital. Archive 1989-2001<\/em> (2008); <em>NOH Suntag. States of Emergency<\/em> (2008); <em>Stan Douglas. Past Imperfect. Werke 1986-2007<\/em> (2007); <em>Borremans, Bryce, Perjovschi. Zeichnungen<\/em> (2006); <em>Muntadas. Protokolle<\/em> (2006).","link":"https:\/\/editorialconcreta.org\/en\/author\/iris-dressler\/","slug":"iris-dressler","avatar_urls":{"24":"https:\/\/secure.gravatar.com\/avatar\/1a3c377dd4019a6488b2a7102ee68ed8117bb202fa3a11ad72dd4e6dabd66d62?s=24&d=mm&r=g","48":"https:\/\/secure.gravatar.com\/avatar\/1a3c377dd4019a6488b2a7102ee68ed8117bb202fa3a11ad72dd4e6dabd66d62?s=48&d=mm&r=g","96":"https:\/\/secure.gravatar.com\/avatar\/1a3c377dd4019a6488b2a7102ee68ed8117bb202fa3a11ad72dd4e6dabd66d62?s=96&d=mm&r=g"},"meta":[],"is_super_admin":false,"woocommerce_meta":{"variable_product_tour_shown":"","wc_payments_overview_inbox_last_read":"","wc_payments_transactions_hidden_columns":"","wc_payments_transactions_blocked_hidden_columns":"","wc_payments_transactions_risk_review_hidden_columns":"","wc_payments_transactions_uncaptured_hidden_columns":"","wc_payments_payouts_hidden_columns":"","wc_payments_disputes_hidden_columns":"","wc_payments_documents_hidden_columns":"","wc_payments_wporg_review_2025_prompt_dismissed":"","wc_payments_review_prompt_dismissed":"","wc_payments_review_prompt_maybe_later":""},"_links":{"self":[{"href":"https:\/\/editorialconcreta.org\/en\/wp-json\/wp\/v2\/users\/448","targetHints":{"allow":["GET"]}}],"collection":[{"href":"https:\/\/editorialconcreta.org\/en\/wp-json\/wp\/v2\/users"}]}}