{"id":483,"name":"Isa\u00edas Gri\u00f1olo","url":"","description":"Artista visual, filmador y comisario. Vive y trabaja entre Sevilla y Moguer (Huelva). Formado en el programa UNIA_arteypensamiento de la Universidad Internacional de Andaluc\u00eda. Es miembro de la PRPC (Plataforma de Reflexio\u0301n de Poli\u0301ticas Culturales) en Sevilla. Trabaja en proyectos en los que aborda asuntos y pr\u00e1cticas antagonistas a trav\u00e9s de relaciones de memoria, ecolog\u00eda, econom\u00eda, flamenco, poes\u00eda y arte.","link":"https:\/\/editorialconcreta.org\/en\/author\/isaias-grinolo\/","slug":"isaias-grinolo","avatar_urls":{"24":"https:\/\/secure.gravatar.com\/avatar\/06be4469504875b4cf240c2e4f7d97658ec7e5dd792debfb4cb3a5b5705be1a1?s=24&d=mm&r=g","48":"https:\/\/secure.gravatar.com\/avatar\/06be4469504875b4cf240c2e4f7d97658ec7e5dd792debfb4cb3a5b5705be1a1?s=48&d=mm&r=g","96":"https:\/\/secure.gravatar.com\/avatar\/06be4469504875b4cf240c2e4f7d97658ec7e5dd792debfb4cb3a5b5705be1a1?s=96&d=mm&r=g"},"meta":[],"is_super_admin":false,"woocommerce_meta":{"variable_product_tour_shown":"","wc_payments_overview_inbox_last_read":"","wc_payments_transactions_hidden_columns":"","wc_payments_transactions_blocked_hidden_columns":"","wc_payments_transactions_risk_review_hidden_columns":"","wc_payments_transactions_uncaptured_hidden_columns":"","wc_payments_payouts_hidden_columns":"","wc_payments_disputes_hidden_columns":"","wc_payments_documents_hidden_columns":"","wc_payments_wporg_review_2025_prompt_dismissed":"","wc_payments_review_prompt_dismissed":"","wc_payments_review_prompt_maybe_later":""},"_links":{"self":[{"href":"https:\/\/editorialconcreta.org\/en\/wp-json\/wp\/v2\/users\/483","targetHints":{"allow":["GET"]}}],"collection":[{"href":"https:\/\/editorialconcreta.org\/en\/wp-json\/wp\/v2\/users"}]}}