{"id":71,"name":"Ali A. Maderuelo","url":"","description":"(Valencia, 1993) graduado en Comunicaci\u00f3n Audiovisual y M\u00e1ster en Fotograf\u00eda, Arte y T\u00e9cnica por la Universitat Polit\u00e8cnica de Val\u00e8ncia, desarrolla proyectos art\u00edsticos y curatoriales en solitario y a trav\u00e9s de plataformas como Carne Press (desde 2015) o Cine Por Venir (desde 2018). Trabaja con Julia Castell\u00f3 como duo de comisarios desde 2017. Juntos comisariaron la muestra Can\u2019t Speak for Itself en La Casa Encendida (Madrid), dentro de la convocatoria In\u00e9ditos 2018. Actualmente dirigen A10, espacio autogestionado iniciado en 2019 y situado en la ciudad de Valencia, en el que desarrollan acciones junto a artistas emergentes de un solo d\u00eda de duraci\u00f3n. Actualmente comisar\u00edan y coordinan el programa Art i Context (IVAM)","link":"https:\/\/editorialconcreta.org\/en\/author\/ali-a-maderuelo\/","slug":"ali-a-maderuelo","avatar_urls":{"24":"https:\/\/secure.gravatar.com\/avatar\/d37603acbdf97eea0ec447af08885bc67dfeace3effaef61aefba17eeb73e76b?s=24&d=mm&r=g","48":"https:\/\/secure.gravatar.com\/avatar\/d37603acbdf97eea0ec447af08885bc67dfeace3effaef61aefba17eeb73e76b?s=48&d=mm&r=g","96":"https:\/\/secure.gravatar.com\/avatar\/d37603acbdf97eea0ec447af08885bc67dfeace3effaef61aefba17eeb73e76b?s=96&d=mm&r=g"},"meta":[],"is_super_admin":false,"woocommerce_meta":{"variable_product_tour_shown":"","wc_payments_overview_inbox_last_read":"","wc_payments_transactions_hidden_columns":"","wc_payments_transactions_blocked_hidden_columns":"","wc_payments_transactions_risk_review_hidden_columns":"","wc_payments_transactions_uncaptured_hidden_columns":"","wc_payments_payouts_hidden_columns":"","wc_payments_disputes_hidden_columns":"","wc_payments_documents_hidden_columns":"","wc_payments_wporg_review_2025_prompt_dismissed":"","wc_payments_review_prompt_dismissed":"","wc_payments_review_prompt_maybe_later":""},"_links":{"self":[{"href":"https:\/\/editorialconcreta.org\/en\/wp-json\/wp\/v2\/users\/71","targetHints":{"allow":["GET"]}}],"collection":[{"href":"https:\/\/editorialconcreta.org\/en\/wp-json\/wp\/v2\/users"}]}}